{"id":1186,"date":"2026-03-16T22:00:00","date_gmt":"2026-03-16T21:00:00","guid":{"rendered":"https:\/\/www.feuges.fr\/?p=1186"},"modified":"2026-03-17T10:08:20","modified_gmt":"2026-03-17T09:08:20","slug":"informations-34","status":"publish","type":"post","link":"https:\/\/www.feuges.fr\/?p=1186","title":{"rendered":"Informations"},"content":{"rendered":"\t\t<div data-elementor-type=\"wp-post\" data-elementor-id=\"1186\" class=\"elementor elementor-1186\">\n\t\t\t\t\t\t<section class=\"elementor-section elementor-top-section elementor-element elementor-element-120dcb38 elementor-section-boxed elementor-section-height-default elementor-section-height-default\" data-id=\"120dcb38\" data-element_type=\"section\" data-e-type=\"section\">\n\t\t\t\t\t\t<div class=\"elementor-container elementor-column-gap-default\">\n\t\t\t\t\t<div class=\"elementor-column elementor-col-100 elementor-top-column elementor-element elementor-element-625b2be9\" data-id=\"625b2be9\" data-element_type=\"column\" data-e-type=\"column\">\n\t\t\t<div class=\"elementor-widget-wrap elementor-element-populated\">\n\t\t\t\t\t\t<div class=\"elementor-element elementor-element-31ab1ef9 elementor-widget elementor-widget-text-editor\" data-id=\"31ab1ef9\" data-element_type=\"widget\" data-e-type=\"widget\" data-widget_type=\"text-editor.default\">\n\t\t\t\t<div class=\"elementor-widget-container\">\n\t\t\t\t\t\t\t\t\t<p>Le conseil municipal se r\u00e9unira \u00e0 la salle polyvalente le <b>Vendredi 20 mars 2026 \u00e0 18 heures :<\/b><\/p>\n<p><\/p>\n<p><u>L\u2019ordre du jour sera le suivant :<\/u><\/p>\n<p><!-- \/wp:paragraph --><\/p>\n<p><!-- wp:paragraph --><\/p>\n<p>\u2022&nbsp;Election du maire<br>\u2022&nbsp;D\u00e9termination du nombre d&rsquo;adjoints<br>\u2022 Election des adjoints<br>\u2022 Lecture et remise de la charte de l&rsquo;\u00e9lu local<\/p>\n<p><u style=\"font-size: 1rem;\">&#8211; Question(s) diverse(s) :<\/u><\/p>\n<p><\/p>\n<p><!-- \/wp:paragraph --><\/p>\n<p><!-- wp:paragraph --><\/p>\n<p><!-- \/wp:paragraph --><\/p>\n<p><\/p>\t\t\t\t\t\t\t\t<\/div>\n\t\t\t\t<\/div>\n\t\t\t\t\t<\/div>\n\t\t<\/div>\n\t\t\t\t\t<\/div>\n\t\t<\/section>\n\t\t\t\t<\/div>\n\t\t","protected":false},"excerpt":{"rendered":"<p>Le conseil municipal se r\u00e9unira \u00e0 la salle polyvalente<\/p>\n","protected":false},"author":1,"featured_media":423,"comment_status":"open","ping_status":"open","sticky":false,"template":"","format":"standard","meta":{"footnotes":""},"categories":[5],"tags":[],"class_list":["post-1186","post","type-post","status-publish","format-standard","has-post-thumbnail","hentry","category-informations"],"_links":{"self":[{"href":"https:\/\/www.feuges.fr\/index.php?rest_route=\/wp\/v2\/posts\/1186","targetHints":{"allow":["GET"]}}],"collection":[{"href":"https:\/\/www.feuges.fr\/index.php?rest_route=\/wp\/v2\/posts"}],"about":[{"href":"https:\/\/www.feuges.fr\/index.php?rest_route=\/wp\/v2\/types\/post"}],"author":[{"embeddable":true,"href":"https:\/\/www.feuges.fr\/index.php?rest_route=\/wp\/v2\/users\/1"}],"replies":[{"embeddable":true,"href":"https:\/\/www.feuges.fr\/index.php?rest_route=%2Fwp%2Fv2%2Fcomments&post=1186"}],"version-history":[{"count":4,"href":"https:\/\/www.feuges.fr\/index.php?rest_route=\/wp\/v2\/posts\/1186\/revisions"}],"predecessor-version":[{"id":1190,"href":"https:\/\/www.feuges.fr\/index.php?rest_route=\/wp\/v2\/posts\/1186\/revisions\/1190"}],"wp:featuredmedia":[{"embeddable":true,"href":"https:\/\/www.feuges.fr\/index.php?rest_route=\/wp\/v2\/media\/423"}],"wp:attachment":[{"href":"https:\/\/www.feuges.fr\/index.php?rest_route=%2Fwp%2Fv2%2Fmedia&parent=1186"}],"wp:term":[{"taxonomy":"category","embeddable":true,"href":"https:\/\/www.feuges.fr\/index.php?rest_route=%2Fwp%2Fv2%2Fcategories&post=1186"},{"taxonomy":"post_tag","embeddable":true,"href":"https:\/\/www.feuges.fr\/index.php?rest_route=%2Fwp%2Fv2%2Ftags&post=1186"}],"curies":[{"name":"wp","href":"https:\/\/api.w.org\/{rel}","templated":true}]}}